{"id":991,"date":"2019-04-30T13:13:22","date_gmt":"2019-04-30T12:13:22","guid":{"rendered":"http:\/\/almenmedicin-nord.dk\/?p=991"},"modified":"2019-04-30T13:13:25","modified_gmt":"2019-04-30T12:13:25","slug":"links-fra-temadagen","status":"publish","type":"post","link":"http:\/\/almenmedicin-nord.dk\/?p=991","title":{"rendered":"Links fra temadagen"},"content":{"rendered":"\n<p>Hermed lidt links med relevans ift. temadagen om smerte-behandling:<\/p>\n\n\n\n<p><a rel=\"noreferrer noopener\" aria-label=\"Vejledning om helbredskrav til k\u00f8rekort (se is\u00e6r kap. 9) (\u00e5bner i en ny fane)\" href=\"https:\/\/stps.dk\/da\/udgivelser\/2017\/vejledning-om-helbredskrav-til-koerekort\/~\/media\/9BE267FAC6AE4BE3ABB93FAA6E7C2347.ashx\" target=\"_blank\">Vejledning om helbredskrav til k\u00f8rekort (se is\u00e6r kap. 9)<\/a><\/p>\n\n\n\n<p><a rel=\"noreferrer noopener\" aria-label=\"Nord-KAPs &quot;smertepakke til praksis&quot; (\u00e5bner i en ny fane)\" href=\"https:\/\/www.sundhed.dk\/sundhedsfaglig\/information-til-praksis\/nordjylland\/almen-praksis\/indsatsomraader\/smerteprojektet\/smertepakke-til-praksis\/\" target=\"_blank\">Nord-KAPs &#8220;smertepakke til praksis&#8221;<\/a><\/p>\n\n\n\n<p><a rel=\"noreferrer noopener\" aria-label=\"SSI: Fokus p\u00e5 smertebehandling (\u00e5bner i en ny fane)\" href=\"https:\/\/www.sst.dk\/da\/rationel-farmakoterapi\/smerteindsats\" target=\"_blank\">SSI: Fokus p\u00e5 smertebehandling<\/a><\/p>\n\n\n\n<p><a rel=\"noreferrer noopener\" aria-label=\"Rationel farmakoterapi: Aftrapning af opioider (\u00e5bner i en ny fane)\" href=\"https:\/\/www.sst.dk\/da\/rationel-farmakoterapi\/maanedsbladet\/2019\/~\/media\/FBBC95D22F194A4BB95D8ED18091CE21.ashx\" target=\"_blank\">Rationel farmakoterapi: Aftrapning af opioider<\/a><\/p>\n\n\n\n<p><a rel=\"noreferrer noopener\" aria-label=\"Rationel farmakoterapi: Brug af opioider ved kroniske non-maligne smerter (\u00e5bner i en ny fane)\" href=\"https:\/\/www.sst.dk\/da\/rationel-farmakoterapi\/maanedsbladet\/2018\/~\/media\/85F70E3B9F1144F79019144303C4B7CF.ashx\" target=\"_blank\">Rationel farmakoterapi: Brug af opioider ved kroniske non-maligne smerter<\/a><\/p>\n\n\n\n<p><\/p>\n\n\n\n<p><\/p>\n\n\n\n<p><br><\/p>\n","protected":false},"excerpt":{"rendered":"<p>Hermed lidt links med relevans ift. temadagen om smerte-behandling: Vejledning om helbredskrav til k\u00f8rekort (se is\u00e6r kap. 9) Nord-KAPs &#8220;smertepakke til praksis&#8221; SSI: Fokus p\u00e5 smertebehandling Rationel farmakoterapi: Aftrapning af opioider Rationel farmakoterapi: Brug af opioider ved kroniske non-maligne smerter<\/p>\n","protected":false},"author":1,"featured_media":0,"comment_status":"closed","ping_status":"closed","sticky":false,"template":"","format":"standard","meta":{"_kadence_starter_templates_imported_post":false,"_kad_post_transparent":"","_kad_post_title":"","_kad_post_layout":"","_kad_post_sidebar_id":"","_kad_post_content_style":"","_kad_post_vertical_padding":"","_kad_post_feature":"","_kad_post_feature_position":"","_kad_post_header":false,"_kad_post_footer":false,"_kad_post_classname":"","footnotes":""},"categories":[1],"tags":[],"class_list":["post-991","post","type-post","status-publish","format-standard","hentry","category-ikke-kategoriseret"],"_links":{"self":[{"href":"http:\/\/almenmedicin-nord.dk\/index.php?rest_route=\/wp\/v2\/posts\/991","targetHints":{"allow":["GET"]}}],"collection":[{"href":"http:\/\/almenmedicin-nord.dk\/index.php?rest_route=\/wp\/v2\/posts"}],"about":[{"href":"http:\/\/almenmedicin-nord.dk\/index.php?rest_route=\/wp\/v2\/types\/post"}],"author":[{"embeddable":true,"href":"http:\/\/almenmedicin-nord.dk\/index.php?rest_route=\/wp\/v2\/users\/1"}],"replies":[{"embeddable":true,"href":"http:\/\/almenmedicin-nord.dk\/index.php?rest_route=%2Fwp%2Fv2%2Fcomments&post=991"}],"version-history":[{"count":2,"href":"http:\/\/almenmedicin-nord.dk\/index.php?rest_route=\/wp\/v2\/posts\/991\/revisions"}],"predecessor-version":[{"id":993,"href":"http:\/\/almenmedicin-nord.dk\/index.php?rest_route=\/wp\/v2\/posts\/991\/revisions\/993"}],"wp:attachment":[{"href":"http:\/\/almenmedicin-nord.dk\/index.php?rest_route=%2Fwp%2Fv2%2Fmedia&parent=991"}],"wp:term":[{"taxonomy":"category","embeddable":true,"href":"http:\/\/almenmedicin-nord.dk\/index.php?rest_route=%2Fwp%2Fv2%2Fcategories&post=991"},{"taxonomy":"post_tag","embeddable":true,"href":"http:\/\/almenmedicin-nord.dk\/index.php?rest_route=%2Fwp%2Fv2%2Ftags&post=991"}],"curies":[{"name":"wp","href":"https:\/\/api.w.org\/{rel}","templated":true}]}}